{"id":690,"date":"2017-01-26T13:07:38","date_gmt":"2017-01-26T12:07:38","guid":{"rendered":"http:\/\/www.isabell-tammer.de\/wordpress\/?p=690"},"modified":"2017-01-26T13:09:56","modified_gmt":"2017-01-26T12:09:56","slug":"gespraech-mit-buendnis-zum-schutz-des-lebensraums-und-der-kulturlandschaft-muenzenbergrockenberg-e-v","status":"publish","type":"post","link":"https:\/\/isabell-tammer.de\/wordpress\/gespraech-mit-buendnis-zum-schutz-des-lebensraums-und-der-kulturlandschaft-muenzenbergrockenberg-e-v\/","title":{"rendered":"Gespr\u00e4ch mit B\u00fcndnis zum Schutz des Lebensraums und der Kulturlandschaft M\u00fcnzenberg\/Rockenberg e.V."},"content":{"rendered":"<p>Gespr\u00e4ch mit dem 1.Vorsitzenden Ralf Koch von dem B\u00fcndnis zum Schutz des Lebensraums und der Kulturlandschaft M\u00fcnzenberg\/Rockenberg e.V. (BLuK) \u00fcber den aktuellen Sachstand der Planungen von Windkraftanlagen in Burgn\u00e4he. Es darf nicht passieren das unsere sch\u00f6ne Burg eingebettet in einer historischen Kulturlandschaft von \u00fcber 200 m hohen Windr\u00e4der entstellt w\u00fcrde.<br \/>\nGrunds\u00e4tzlich begr\u00fc\u00dfe ich die Wende in Deutschland hin zu erneuerbaren Energien. Aber alles muss mit Ma\u00df und Zie<span class=\"text_exposed_show\">l geschehen. Der Bau der geplanten \u00fcberdimensionalen, mehr als 200 m hohen Windkraftanlagen zerst\u00f6rt unsere Wetterauer Kulturlandschaft und beeintr\u00e4chtigt schwerwiegend unser historisches Denkmal, die Burg M\u00fcnzenberg. Es kann nicht hingenommen werden, dass mit einer Art Goldgr\u00e4bermentalit\u00e4t vor nichts Halt gemacht wird. Natur- und Vogelschutz m\u00fcssen in hohem Ma\u00dfe ber\u00fccksichtigt werden und sch\u00fctzenswerte Landschaftsbilder d\u00fcrfen nicht unwiederbringlich zerst\u00f6rt werden.<\/span><\/p>\n","protected":false},"excerpt":{"rendered":"<p>Gespr\u00e4ch mit dem 1.Vorsitzenden Ralf Koch von dem B\u00fcndnis zum Schutz des Lebensraums und der Kulturlandschaft M\u00fcnzenberg\/Rockenberg e.V. (BLuK) \u00fcber den aktuellen Sachstand der Planungen von Windkraftanlagen in Burgn\u00e4he. Es darf nicht passieren das unsere sch\u00f6ne Burg eingebettet in einer historischen Kulturlandschaft von \u00fcber 200 m hohen Windr\u00e4der entstellt w\u00fcrde. Grunds\u00e4tzlich begr\u00fc\u00dfe ich die Wende [&hellip;]<\/p>\n","protected":false},"author":1,"featured_media":688,"comment_status":"closed","ping_status":"closed","sticky":false,"template":"","format":"standard","meta":{"footnotes":""},"categories":[14],"tags":[],"class_list":["post-690","post","type-post","status-publish","format-standard","has-post-thumbnail","hentry","category-news"],"_links":{"self":[{"href":"https:\/\/isabell-tammer.de\/wordpress\/wp-json\/wp\/v2\/posts\/690","targetHints":{"allow":["GET"]}}],"collection":[{"href":"https:\/\/isabell-tammer.de\/wordpress\/wp-json\/wp\/v2\/posts"}],"about":[{"href":"https:\/\/isabell-tammer.de\/wordpress\/wp-json\/wp\/v2\/types\/post"}],"author":[{"embeddable":true,"href":"https:\/\/isabell-tammer.de\/wordpress\/wp-json\/wp\/v2\/users\/1"}],"replies":[{"embeddable":true,"href":"https:\/\/isabell-tammer.de\/wordpress\/wp-json\/wp\/v2\/comments?post=690"}],"version-history":[{"count":2,"href":"https:\/\/isabell-tammer.de\/wordpress\/wp-json\/wp\/v2\/posts\/690\/revisions"}],"predecessor-version":[{"id":692,"href":"https:\/\/isabell-tammer.de\/wordpress\/wp-json\/wp\/v2\/posts\/690\/revisions\/692"}],"wp:featuredmedia":[{"embeddable":true,"href":"https:\/\/isabell-tammer.de\/wordpress\/wp-json\/wp\/v2\/media\/688"}],"wp:attachment":[{"href":"https:\/\/isabell-tammer.de\/wordpress\/wp-json\/wp\/v2\/media?parent=690"}],"wp:term":[{"taxonomy":"category","embeddable":true,"href":"https:\/\/isabell-tammer.de\/wordpress\/wp-json\/wp\/v2\/categories?post=690"},{"taxonomy":"post_tag","embeddable":true,"href":"https:\/\/isabell-tammer.de\/wordpress\/wp-json\/wp\/v2\/tags?post=690"}],"curies":[{"name":"wp","href":"https:\/\/api.w.org\/{rel}","templated":true}]}}